{"id":556388,"date":"2024-10-11T14:00:01","date_gmt":"2024-10-11T14:00:01","guid":{"rendered":"https:\/\/kpcgroup.fr\/?p=556388"},"modified":"2025-02-27T09:41:14","modified_gmt":"2025-02-27T09:41:14","slug":"kpc-at-the-usf-2024-convention-in-lille","status":"publish","type":"post","link":"https:\/\/kpcgroup.fr\/en\/kpc-present-a-la-convention-usf-2024-a-lille\/","title":{"rendered":"KPC at the USF 2024 Convention in Lille"},"content":{"rendered":"\t\t<div data-elementor-type=\"wp-post\" data-elementor-id=\"556388\" class=\"elementor elementor-556388\" data-elementor-post-type=\"post\">\n\t\t\t\t<div class=\"elementor-element elementor-element-760592f7 e-con-full e-flex e-con e-parent\" data-id=\"760592f7\" data-element_type=\"container\" data-e-type=\"container\">\n\t\t<div class=\"elementor-element elementor-element-52db34a3 e-con-full e-flex e-con e-child\" data-id=\"52db34a3\" data-element_type=\"container\" data-e-type=\"container\" data-settings=\"{&quot;background_background&quot;:&quot;classic&quot;}\">\n\t\t<div class=\"elementor-element elementor-element-a4c986 e-flex e-con-boxed e-con e-child\" data-id=\"a4c986\" data-element_type=\"container\" data-e-type=\"container\">\n\t\t\t\t\t<div class=\"e-con-inner\">\n\t\t<div class=\"elementor-element elementor-element-53a615e e-con-full e-flex e-con e-child\" data-id=\"53a615e\" data-element_type=\"container\" data-e-type=\"container\">\n\t\t\t\t<div class=\"elementor-element elementor-element-5242a37c elementor-widget elementor-widget-heading\" data-id=\"5242a37c\" data-element_type=\"widget\" data-e-type=\"widget\" data-widget_type=\"heading.default\">\n\t\t\t\t<div class=\"elementor-widget-container\">\n\t\t\t\t\t<p class=\"elementor-heading-title elementor-size-default\"><a href=\"https:\/\/kpcgroup.fr\/en\/category\/event\/\" rel=\"tag\">Event<\/a><\/p>\t\t\t\t<\/div>\n\t\t\t\t<\/div>\n\t\t\t\t<div class=\"elementor-element elementor-element-36d18603 elementor-widget elementor-widget-heading\" data-id=\"36d18603\" data-element_type=\"widget\" data-e-type=\"widget\" data-widget_type=\"heading.default\">\n\t\t\t\t<div class=\"elementor-widget-container\">\n\t\t\t\t\t<h3 class=\"elementor-heading-title elementor-size-default\">9 &amp; 10 OCTOBRE 2024<\/h3>\t\t\t\t<\/div>\n\t\t\t\t<\/div>\n\t\t\t\t<div class=\"elementor-element elementor-element-599ae86 elementor-widget elementor-widget-heading\" data-id=\"599ae86\" data-element_type=\"widget\" data-e-type=\"widget\" data-widget_type=\"heading.default\">\n\t\t\t\t<div class=\"elementor-widget-container\">\n\t\t\t\t\t<h1 class=\"elementor-heading-title elementor-size-default\">KPC pr\u00e9sent \u00e0 la Convention USF 2024 \u00e0 Lille<\/h1>\t\t\t\t<\/div>\n\t\t\t\t<\/div>\n\t\t\t\t<div class=\"elementor-element elementor-element-acf64ea elementor-widget elementor-widget-heading\" data-id=\"acf64ea\" data-element_type=\"widget\" data-e-type=\"widget\" data-widget_type=\"heading.default\">\n\t\t\t\t<div class=\"elementor-widget-container\">\n\t\t\t\t\t<p class=\"elementor-heading-title elementor-size-default\"><a href=\"https:\/\/kpcgroup.fr\/en\/tag\/data\/\" rel=\"tag\">#Data<\/a><a href=\"https:\/\/kpcgroup.fr\/en\/tag\/epm\/\" rel=\"tag\">#EPM<\/a><a href=\"https:\/\/kpcgroup.fr\/en\/tag\/sap-2\/\" rel=\"tag\">#SAP<\/a><\/p>\t\t\t\t<\/div>\n\t\t\t\t<\/div>\n\t\t\t\t<\/div>\n\t\t\t\t<div class=\"elementor-element elementor-element-58e7c8f6 elementor-widget elementor-widget-image\" data-id=\"58e7c8f6\" data-element_type=\"widget\" data-e-type=\"widget\" data-widget_type=\"image.default\">\n\t\t\t\t<div class=\"elementor-widget-container\">\n\t\t\t\t\t\t\t\t\t\t\t\t\t\t\t<img decoding=\"async\" width=\"300\" height=\"150\" src=\"https:\/\/kpcgroup.fr\/wp-content\/uploads\/2024\/10\/USF-SF.png\" class=\"attachment-medium size-medium wp-image-557274\" alt=\"\" \/>\t\t\t\t\t\t\t\t\t\t\t\t\t\t\t<\/div>\n\t\t\t\t<\/div>\n\t\t\t\t\t<\/div>\n\t\t\t\t<\/div>\n\t\t\t\t<\/div>\n\t\t\t\t<div class=\"elementor-element elementor-element-1916b6f8 elementor-widget-divider--view-line elementor-widget elementor-widget-divider\" data-id=\"1916b6f8\" data-element_type=\"widget\" data-e-type=\"widget\" data-widget_type=\"divider.default\">\n\t\t\t\t<div class=\"elementor-widget-container\">\n\t\t\t\t\t\t\t<div class=\"elementor-divider\">\n\t\t\t<span class=\"elementor-divider-separator\">\n\t\t\t\t\t\t<\/span>\n\t\t<\/div>\n\t\t\t\t\t\t<\/div>\n\t\t\t\t<\/div>\n\t\t<div class=\"elementor-element elementor-element-373df05f e-flex e-con-boxed e-con e-child\" data-id=\"373df05f\" data-element_type=\"container\" data-e-type=\"container\">\n\t\t\t\t\t<div class=\"e-con-inner\">\n\t\t<div class=\"elementor-element elementor-element-5d618e40 e-flex e-con-boxed e-con e-child\" data-id=\"5d618e40\" data-element_type=\"container\" data-e-type=\"container\">\n\t\t\t\t\t<div class=\"e-con-inner\">\n\t\t<div class=\"elementor-element elementor-element-2051de4e e-con-full e-flex e-con e-child\" data-id=\"2051de4e\" data-element_type=\"container\" data-e-type=\"container\">\n\t\t\t\t<div class=\"elementor-element elementor-element-6f8e12bf elementor-widget elementor-widget-heading\" data-id=\"6f8e12bf\" data-element_type=\"widget\" data-e-type=\"widget\" data-widget_type=\"heading.default\">\n\t\t\t\t<div class=\"elementor-widget-container\">\n\t\t\t\t\t<h3 class=\"elementor-heading-title elementor-size-default\">Description<\/h3>\t\t\t\t<\/div>\n\t\t\t\t<\/div>\n\t\t\t\t<div class=\"elementor-element elementor-element-49f9312c elementor-widget elementor-widget-text-editor\" data-id=\"49f9312c\" data-element_type=\"widget\" data-e-type=\"widget\" data-widget_type=\"text-editor.default\">\n\t\t\t\t<div class=\"elementor-widget-container\">\n\t\t\t\t\t\t\t\t\t<p>Les 9 et 10 octobre derniers, KPC \u00e9tait pr\u00e9sent \u00e0 la Convention USF 2024 au grand palais \u00e0 Lille . Cet \u00e9v\u00e9nement incontournable pour l&rsquo;\u00e9cosyst\u00e8me SAP a r\u00e9uni les professionnels du digital autour du th\u00e8me : \u00ab Il \u00e9tait une fois le Cloud : Entre mythe et r\u00e9alit\u00e9&#8230; \u00bb.<\/p>\t\t\t\t\t\t\t\t<\/div>\n\t\t\t\t<\/div>\n\t\t\t\t<\/div>\n\t\t<div class=\"elementor-element elementor-element-3f384769 e-con-full e-flex e-con e-child\" data-id=\"3f384769\" data-element_type=\"container\" data-e-type=\"container\">\n\t\t<div class=\"elementor-element elementor-element-74358306 e-con-full e-flex e-con e-child\" data-id=\"74358306\" data-element_type=\"container\" data-e-type=\"container\">\n\t\t\t\t<div class=\"elementor-element elementor-element-3c6675b3 elementor-widget elementor-widget-heading\" data-id=\"3c6675b3\" data-element_type=\"widget\" data-e-type=\"widget\" data-widget_type=\"heading.default\">\n\t\t\t\t<div class=\"elementor-widget-container\">\n\t\t\t\t\t<h3 class=\"elementor-heading-title elementor-size-default\">Lieu<\/h3>\t\t\t\t<\/div>\n\t\t\t\t<\/div>\n\t\t\t\t<div class=\"elementor-element elementor-element-192a3922 elementor-widget elementor-widget-text-editor\" data-id=\"192a3922\" data-element_type=\"widget\" data-e-type=\"widget\" data-widget_type=\"text-editor.default\">\n\t\t\t\t<div class=\"elementor-widget-container\">\n\t\t\t\t\t\t\t\t\t<p>Grand Palais Lille<\/p>\t\t\t\t\t\t\t\t<\/div>\n\t\t\t\t<\/div>\n\t\t\t\t<\/div>\n\t\t<div class=\"elementor-element elementor-element-68c3af00 e-con-full e-flex e-con e-child\" data-id=\"68c3af00\" data-element_type=\"container\" data-e-type=\"container\">\n\t\t\t\t<div class=\"elementor-element elementor-element-46dcc7fe elementor-widget elementor-widget-heading\" data-id=\"46dcc7fe\" data-element_type=\"widget\" data-e-type=\"widget\" data-widget_type=\"heading.default\">\n\t\t\t\t<div class=\"elementor-widget-container\">\n\t\t\t\t\t<h3 class=\"elementor-heading-title elementor-size-default\">Stand KPC <\/h3>\t\t\t\t<\/div>\n\t\t\t\t<\/div>\n\t\t\t\t<div class=\"elementor-element elementor-element-5606751d elementor-widget elementor-widget-text-editor\" data-id=\"5606751d\" data-element_type=\"widget\" data-e-type=\"widget\" data-widget_type=\"text-editor.default\">\n\t\t\t\t<div class=\"elementor-widget-container\">\n\t\t\t\t\t\t\t\t\t<p>N\u00b09<\/p>\t\t\t\t\t\t\t\t<\/div>\n\t\t\t\t<\/div>\n\t\t\t\t<\/div>\n\t\t\t\t<\/div>\n\t\t\t\t\t<\/div>\n\t\t\t\t<\/div>\n\t\t\t\t\t<\/div>\n\t\t\t\t<\/div>\n\t\t\t\t<div class=\"elementor-element elementor-element-302dda2f elementor-widget-divider--view-line elementor-widget elementor-widget-divider\" data-id=\"302dda2f\" data-element_type=\"widget\" data-e-type=\"widget\" data-widget_type=\"divider.default\">\n\t\t\t\t<div class=\"elementor-widget-container\">\n\t\t\t\t\t\t\t<div class=\"elementor-divider\">\n\t\t\t<span class=\"elementor-divider-separator\">\n\t\t\t\t\t\t<\/span>\n\t\t<\/div>\n\t\t\t\t\t\t<\/div>\n\t\t\t\t<\/div>\n\t\t<div class=\"elementor-element elementor-element-44688e5b e-flex e-con-boxed e-con e-child\" data-id=\"44688e5b\" data-element_type=\"container\" data-e-type=\"container\">\n\t\t\t\t\t<div class=\"e-con-inner\">\n\t\t<div class=\"elementor-element elementor-element-7edd1594 e-con-full e-flex e-con e-child\" data-id=\"7edd1594\" data-element_type=\"container\" data-e-type=\"container\">\n\t\t<div class=\"elementor-element elementor-element-5a6961b7 e-con-full e-flex e-con e-child\" data-id=\"5a6961b7\" data-element_type=\"container\" data-e-type=\"container\">\n\t\t\t\t<div class=\"elementor-element elementor-element-76958d3a elementor-widget elementor-widget-heading\" data-id=\"76958d3a\" data-element_type=\"widget\" data-e-type=\"widget\" data-widget_type=\"heading.default\">\n\t\t\t\t<div class=\"elementor-widget-container\">\n\t\t\t\t\t<h2 class=\"elementor-heading-title elementor-size-default\">Conf\u00e9rence : Retour d'exp\u00e9rience Conseil D\u00e9partement du Var<\/h2>\t\t\t\t<\/div>\n\t\t\t\t<\/div>\n\t\t\t\t<div class=\"elementor-element elementor-element-715a436f elementor-widget elementor-widget-text-editor\" data-id=\"715a436f\" data-element_type=\"widget\" data-e-type=\"widget\" data-widget_type=\"text-editor.default\">\n\t\t\t\t<div class=\"elementor-widget-container\">\n\t\t\t\t\t\t\t\t\t<p><span class=\"NormalTextRun SCXW149460190 BCX4\">Lors de la convention, nous avons pr\u00e9sent\u00e9 le retour d\u2019exp\u00e9rience sur le projet men\u00e9 pour le Conseil D\u00e9partemental du Var. Ce projet visait l\u2019analyse et la pr\u00e9diction des Droits de Mutation \u00e0 Titre On\u00e9reux gr\u00e2ce \u00e0 la puissance de SAP <\/span><span class=\"NormalTextRun SpellingErrorV2Themed SCXW149460190 BCX4\">BusinessObjects<\/span><span class=\"NormalTextRun SCXW149460190 BCX4\"> et \u00e0 l\u2019agilit\u00e9 de la suite Need4Viz.<\/span><\/p>\t\t\t\t\t\t\t\t<\/div>\n\t\t\t\t<\/div>\n\t\t\t\t<div class=\"elementor-element elementor-element-51f678a2 elementor-widget elementor-widget-heading\" data-id=\"51f678a2\" data-element_type=\"widget\" data-e-type=\"widget\" data-widget_type=\"heading.default\">\n\t\t\t\t<div class=\"elementor-widget-container\">\n\t\t\t\t\t<h3 class=\"elementor-heading-title elementor-size-default\">Les intervenants <\/h3>\t\t\t\t<\/div>\n\t\t\t\t<\/div>\n\t\t\t\t<div class=\"elementor-element elementor-element-2febf499 elementor-widget elementor-widget-text-editor\" data-id=\"2febf499\" data-element_type=\"widget\" data-e-type=\"widget\" data-widget_type=\"text-editor.default\">\n\t\t\t\t<div class=\"elementor-widget-container\">\n\t\t\t\t\t\t\t\t\t<ul><li data-leveltext=\"\uf0b7\" data-font=\"Symbol\" data-listid=\"3\" data-list-defn-props=\"{&quot;335552541&quot;:1,&quot;335559685&quot;:720,&quot;335559991&quot;:360,&quot;469769226&quot;:&quot;Symbol&quot;,&quot;469769242&quot;:[8226],&quot;469777803&quot;:&quot;left&quot;,&quot;469777804&quot;:&quot;\uf0b7&quot;,&quot;469777815&quot;:&quot;hybridMultilevel&quot;}\" aria-setsize=\"-1\" data-aria-posinset=\"1\" data-aria-level=\"1\"><span data-contrast=\"none\"><strong>J\u00e9r\u00e9my Dalger :<\/strong> chef de projet d\u00e9cisionnel du CD83<\/span><span data-ccp-props=\"{}\">\u00a0<\/span><\/li><\/ul><ul><li data-leveltext=\"\uf0b7\" data-font=\"Symbol\" data-listid=\"3\" data-list-defn-props=\"{&quot;335552541&quot;:1,&quot;335559685&quot;:720,&quot;335559991&quot;:360,&quot;469769226&quot;:&quot;Symbol&quot;,&quot;469769242&quot;:[8226],&quot;469777803&quot;:&quot;left&quot;,&quot;469777804&quot;:&quot;\uf0b7&quot;,&quot;469777815&quot;:&quot;hybridMultilevel&quot;}\" aria-setsize=\"-1\" data-aria-posinset=\"2\" data-aria-level=\"1\"><span data-contrast=\"none\"><strong>J\u00e9r\u00f4me Maillard :<\/strong> associ\u00e9 fondateur de Need4Viz<\/span><span data-ccp-props=\"{}\">\u00a0<\/span><\/li><\/ul><ul><li data-leveltext=\"\uf0b7\" data-font=\"Symbol\" data-listid=\"3\" data-list-defn-props=\"{&quot;335552541&quot;:1,&quot;335559685&quot;:720,&quot;335559991&quot;:360,&quot;469769226&quot;:&quot;Symbol&quot;,&quot;469769242&quot;:[8226],&quot;469777803&quot;:&quot;left&quot;,&quot;469777804&quot;:&quot;\uf0b7&quot;,&quot;469777815&quot;:&quot;hybridMultilevel&quot;}\" aria-setsize=\"-1\" data-aria-posinset=\"3\" data-aria-level=\"1\"><span data-contrast=\"none\"><strong>Jean-Bernard Piron :<\/strong> directeur associ\u00e9 de Need4Viz<\/span><span data-ccp-props=\"{}\">\u00a0<\/span><\/li><\/ul><ul><li data-leveltext=\"\uf0b7\" data-font=\"Symbol\" data-listid=\"3\" data-list-defn-props=\"{&quot;335552541&quot;:1,&quot;335559685&quot;:720,&quot;335559991&quot;:360,&quot;469769226&quot;:&quot;Symbol&quot;,&quot;469769242&quot;:[8226],&quot;469777803&quot;:&quot;left&quot;,&quot;469777804&quot;:&quot;\uf0b7&quot;,&quot;469777815&quot;:&quot;hybridMultilevel&quot;}\" aria-setsize=\"-1\" data-aria-posinset=\"4\" data-aria-level=\"1\"><span data-contrast=\"none\"><strong>\u00c9ric Pradeilles :<\/strong> expert KPC<\/span><span data-ccp-props=\"{}\">\u00a0<\/span><\/li><\/ul>\t\t\t\t\t\t\t\t<\/div>\n\t\t\t\t<\/div>\n\t\t\t\t<\/div>\n\t\t\t\t<\/div>\n\t\t<div class=\"elementor-element elementor-element-c8f7465 e-con-full e-flex e-con e-child\" data-id=\"c8f7465\" data-element_type=\"container\" data-e-type=\"container\">\n\t\t<div class=\"elementor-element elementor-element-6d2e5043 e-con-full e-flex e-con e-child\" data-id=\"6d2e5043\" data-element_type=\"container\" data-e-type=\"container\" data-settings=\"{&quot;background_background&quot;:&quot;slideshow&quot;,&quot;background_slideshow_gallery&quot;:[{&quot;id&quot;:557030,&quot;url&quot;:&quot;https:\\\/\\\/kpcgroup.fr\\\/wp-content\\\/uploads\\\/2025\\\/01\\\/eric-.png&quot;}],&quot;background_slideshow_loop&quot;:&quot;yes&quot;,&quot;background_slideshow_slide_duration&quot;:5000,&quot;background_slideshow_slide_transition&quot;:&quot;fade&quot;,&quot;background_slideshow_transition_duration&quot;:500}\">\n\t\t\t\t<div class=\"elementor-element elementor-element-56e01577 elementor-widget__width-inherit elementor-widget elementor-widget-image\" data-id=\"56e01577\" data-element_type=\"widget\" data-e-type=\"widget\" data-widget_type=\"image.default\">\n\t\t\t\t<div class=\"elementor-widget-container\">\n\t\t\t\t\t\t\t\t\t\t\t\t\t\t\t<img fetchpriority=\"high\" decoding=\"async\" width=\"635\" height=\"432\" src=\"https:\/\/kpcgroup.fr\/wp-content\/uploads\/2025\/01\/eric-.png\" class=\"attachment-full size-full wp-image-557030\" alt=\"\" srcset=\"https:\/\/kpcgroup.fr\/wp-content\/uploads\/2025\/01\/eric-.png 635w, https:\/\/kpcgroup.fr\/wp-content\/uploads\/2025\/01\/eric--300x204.png 300w\" sizes=\"(max-width: 635px) 100vw, 635px\" \/>\t\t\t\t\t\t\t\t\t\t\t\t\t\t\t<\/div>\n\t\t\t\t<\/div>\n\t\t\t\t<\/div>\n\t\t\t\t<\/div>\n\t\t\t\t\t<\/div>\n\t\t\t\t<\/div>\n\t\t\t\t<\/div>\n\t\t<div class=\"elementor-element elementor-element-6ace355 e-flex e-con-boxed e-con e-parent\" data-id=\"6ace355\" data-element_type=\"container\" data-e-type=\"container\">\n\t\t\t\t\t<div class=\"e-con-inner\">\n\t\t\t\t<div class=\"elementor-element elementor-element-96999ba elementor-widget elementor-widget-heading\" data-id=\"96999ba\" data-element_type=\"widget\" data-e-type=\"widget\" data-widget_type=\"heading.default\">\n\t\t\t\t<div class=\"elementor-widget-container\">\n\t\t\t\t\t<h4 class=\"elementor-heading-title elementor-size-default\">Prochaine Edition 2025 : Lyon<\/h4>\t\t\t\t<\/div>\n\t\t\t\t<\/div>\n\t\t\t\t<div class=\"elementor-element elementor-element-c9a8e81 elementor-widget elementor-widget-text-editor\" data-id=\"c9a8e81\" data-element_type=\"widget\" data-e-type=\"widget\" data-widget_type=\"text-editor.default\">\n\t\t\t\t<div class=\"elementor-widget-container\">\n\t\t\t\t\t\t\t\t\t<p>KPC sera pr\u00e9sent \u00e0 la prochaine \u00e9dition de la Convention USF les 8 et 9 octobre 2025 \u00e0 Lyon. L\u2019\u00e9v\u00e9nement se tiendra au Centre des Congr\u00e8s de Lyon.<\/p>\t\t\t\t\t\t\t\t<\/div>\n\t\t\t\t<\/div>\n\t\t\t\t<div class=\"elementor-element elementor-element-791990e elementor-align-center elementor-widget elementor-widget-button\" data-id=\"791990e\" data-element_type=\"widget\" data-e-type=\"widget\" data-widget_type=\"button.default\">\n\t\t\t\t<div class=\"elementor-widget-container\">\n\t\t\t\t\t\t\t\t\t<div class=\"elementor-button-wrapper\">\n\t\t\t\t\t<a class=\"elementor-button elementor-button-link elementor-size-sm\" href=\"https:\/\/www.linkedin.com\/company\/kpcgroup\" target=\"_blank\">\n\t\t\t\t\t\t<span class=\"elementor-button-content-wrapper\">\n\t\t\t\t\t\t<span class=\"elementor-button-icon\">\n\t\t\t\t<i aria-hidden=\"true\" class=\"fab fa-linkedin\"><\/i>\t\t\t<\/span>\n\t\t\t\t\t\t\t\t\t<span class=\"elementor-button-text\">Restez connect\u00e9<\/span>\n\t\t\t\t\t<\/span>\n\t\t\t\t\t<\/a>\n\t\t\t\t<\/div>\n\t\t\t\t\t\t\t\t<\/div>\n\t\t\t\t<\/div>\n\t\t\t\t\t<\/div>\n\t\t\t\t<\/div>\n\t\t\t\t<\/div>\n\t\t","protected":false},"excerpt":{"rendered":"<p>On 9 and 10 October, KPC attended the USF 2024 Convention at the Grand Palais in Lille. This key event for the SAP ecosystem brought together digital professionals around the theme: \u00abOnce upon a time, the Cloud: Between myth and reality...\u00bb.<\/p>","protected":false},"author":2,"featured_media":550053,"comment_status":"closed","ping_status":"closed","sticky":false,"template":"","format":"standard","meta":{"footnotes":""},"categories":[29],"tags":[40,33,44],"class_list":["post-556388","post","type-post","status-publish","format-standard","has-post-thumbnail","hentry","category-event","tag-data","tag-epm","tag-sap-2"],"yoast_head":"<!-- This site is optimized with the Yoast SEO Premium plugin v23.4 (Yoast SEO v27.4) - https:\/\/yoast.com\/product\/yoast-seo-premium-wordpress\/ -->\n<title>KPC pr\u00e9sent \u00e0 la Convention USF 2024 \u00e0 Lille - KPC - Data et Digital Shapers<\/title>\n<meta name=\"robots\" content=\"index, follow, max-snippet:-1, max-image-preview:large, max-video-preview:-1\" \/>\n<link rel=\"canonical\" href=\"https:\/\/kpcgroup.fr\/en\/kpc-at-the-usf-2024-convention-in-lille\/\" \/>\n<meta property=\"og:locale\" content=\"en_GB\" \/>\n<meta property=\"og:type\" content=\"article\" \/>\n<meta property=\"og:title\" content=\"KPC pr\u00e9sent \u00e0 la Convention USF 2024 \u00e0 Lille\" \/>\n<meta property=\"og:description\" content=\"Les 9 et 10 octobre derniers, KPC \u00e9tait pr\u00e9sent \u00e0 la Convention USF 2024 au grand palais \u00e0 Lille . Cet \u00e9v\u00e9nement incontournable pour l&#039;\u00e9cosyst\u00e8me SAP a r\u00e9uni les professionnels du digital autour du th\u00e8me : \u00ab Il \u00e9tait une fois le Cloud : Entre mythe et r\u00e9alit\u00e9... \u00bb\" \/>\n<meta property=\"og:url\" content=\"https:\/\/kpcgroup.fr\/en\/kpc-at-the-usf-2024-convention-in-lille\/\" \/>\n<meta property=\"og:site_name\" content=\"KPC - Data et Digital Shapers\" \/>\n<meta property=\"article:published_time\" content=\"2024-10-11T14:00:01+00:00\" \/>\n<meta property=\"article:modified_time\" content=\"2025-02-27T09:41:14+00:00\" \/>\n<meta property=\"og:image\" content=\"https:\/\/kpcgroup.fr\/wp-content\/uploads\/2024\/11\/KPC25-Header-EVENT.png\" \/>\n\t<meta property=\"og:image:width\" content=\"1442\" \/>\n\t<meta property=\"og:image:height\" content=\"640\" \/>\n\t<meta property=\"og:image:type\" content=\"image\/png\" \/>\n<meta name=\"author\" content=\"Christel Carbonnel\" \/>\n<meta name=\"twitter:card\" content=\"summary_large_image\" \/>\n<meta name=\"twitter:creator\" content=\"@KPC_CRM\" \/>\n<meta name=\"twitter:site\" content=\"@KPC_CRM\" \/>\n<meta name=\"twitter:label1\" content=\"Written by\" \/>\n\t<meta name=\"twitter:data1\" content=\"Christel Carbonnel\" \/>\n\t<meta name=\"twitter:label2\" content=\"Estimated reading time\" \/>\n\t<meta name=\"twitter:data2\" content=\"2 minutes\" \/>\n<script type=\"application\/ld+json\" class=\"yoast-schema-graph\">{\"@context\":\"https:\\\/\\\/schema.org\",\"@graph\":[{\"@type\":\"Article\",\"@id\":\"https:\\\/\\\/kpcgroup.fr\\\/kpc-present-a-la-convention-usf-2024-a-lille\\\/#article\",\"isPartOf\":{\"@id\":\"https:\\\/\\\/kpcgroup.fr\\\/kpc-present-a-la-convention-usf-2024-a-lille\\\/\"},\"author\":{\"name\":\"Christel Carbonnel\",\"@id\":\"https:\\\/\\\/kpcgroup.fr\\\/#\\\/schema\\\/person\\\/98da9c6aad242eca2cf7e4b440d43b82\"},\"headline\":\"KPC pr\u00e9sent \u00e0 la Convention USF 2024 \u00e0 Lille\",\"datePublished\":\"2024-10-11T14:00:01+00:00\",\"dateModified\":\"2025-02-27T09:41:14+00:00\",\"mainEntityOfPage\":{\"@id\":\"https:\\\/\\\/kpcgroup.fr\\\/kpc-present-a-la-convention-usf-2024-a-lille\\\/\"},\"wordCount\":194,\"publisher\":{\"@id\":\"https:\\\/\\\/kpcgroup.fr\\\/#organization\"},\"image\":{\"@id\":\"https:\\\/\\\/kpcgroup.fr\\\/kpc-present-a-la-convention-usf-2024-a-lille\\\/#primaryimage\"},\"thumbnailUrl\":\"https:\\\/\\\/kpcgroup.fr\\\/wp-content\\\/uploads\\\/2024\\\/11\\\/KPC25-Header-EVENT.png\",\"keywords\":[\"#Data\",\"#EPM\",\"#SAP\"],\"articleSection\":[\"Event\"],\"inLanguage\":\"en-GB\"},{\"@type\":\"WebPage\",\"@id\":\"https:\\\/\\\/kpcgroup.fr\\\/kpc-present-a-la-convention-usf-2024-a-lille\\\/\",\"url\":\"https:\\\/\\\/kpcgroup.fr\\\/kpc-present-a-la-convention-usf-2024-a-lille\\\/\",\"name\":\"KPC pr\u00e9sent \u00e0 la Convention USF 2024 \u00e0 Lille - KPC - Data et Digital Shapers\",\"isPartOf\":{\"@id\":\"https:\\\/\\\/kpcgroup.fr\\\/#website\"},\"primaryImageOfPage\":{\"@id\":\"https:\\\/\\\/kpcgroup.fr\\\/kpc-present-a-la-convention-usf-2024-a-lille\\\/#primaryimage\"},\"image\":{\"@id\":\"https:\\\/\\\/kpcgroup.fr\\\/kpc-present-a-la-convention-usf-2024-a-lille\\\/#primaryimage\"},\"thumbnailUrl\":\"https:\\\/\\\/kpcgroup.fr\\\/wp-content\\\/uploads\\\/2024\\\/11\\\/KPC25-Header-EVENT.png\",\"datePublished\":\"2024-10-11T14:00:01+00:00\",\"dateModified\":\"2025-02-27T09:41:14+00:00\",\"breadcrumb\":{\"@id\":\"https:\\\/\\\/kpcgroup.fr\\\/kpc-present-a-la-convention-usf-2024-a-lille\\\/#breadcrumb\"},\"inLanguage\":\"en-GB\",\"potentialAction\":[{\"@type\":\"ReadAction\",\"target\":[\"https:\\\/\\\/kpcgroup.fr\\\/kpc-present-a-la-convention-usf-2024-a-lille\\\/\"]}]},{\"@type\":\"ImageObject\",\"inLanguage\":\"en-GB\",\"@id\":\"https:\\\/\\\/kpcgroup.fr\\\/kpc-present-a-la-convention-usf-2024-a-lille\\\/#primaryimage\",\"url\":\"https:\\\/\\\/kpcgroup.fr\\\/wp-content\\\/uploads\\\/2024\\\/11\\\/KPC25-Header-EVENT.png\",\"contentUrl\":\"https:\\\/\\\/kpcgroup.fr\\\/wp-content\\\/uploads\\\/2024\\\/11\\\/KPC25-Header-EVENT.png\",\"width\":1442,\"height\":640,\"caption\":\"Event\"},{\"@type\":\"BreadcrumbList\",\"@id\":\"https:\\\/\\\/kpcgroup.fr\\\/kpc-present-a-la-convention-usf-2024-a-lille\\\/#breadcrumb\",\"itemListElement\":[{\"@type\":\"ListItem\",\"position\":1,\"name\":\"Accueil\",\"item\":\"https:\\\/\\\/kpcgroup.fr\\\/\"},{\"@type\":\"ListItem\",\"position\":2,\"name\":\"KPC pr\u00e9sent \u00e0 la Convention USF 2024 \u00e0 Lille\"}]},{\"@type\":\"WebSite\",\"@id\":\"https:\\\/\\\/kpcgroup.fr\\\/#website\",\"url\":\"https:\\\/\\\/kpcgroup.fr\\\/\",\"name\":\"KPC - Data et Digital Shapers\",\"description\":\"Data &amp; Digital Shapers\",\"publisher\":{\"@id\":\"https:\\\/\\\/kpcgroup.fr\\\/#organization\"},\"alternateName\":\"KPC\",\"potentialAction\":[{\"@type\":\"SearchAction\",\"target\":{\"@type\":\"EntryPoint\",\"urlTemplate\":\"https:\\\/\\\/kpcgroup.fr\\\/?s={search_term_string}\"},\"query-input\":{\"@type\":\"PropertyValueSpecification\",\"valueRequired\":true,\"valueName\":\"search_term_string\"}}],\"inLanguage\":\"en-GB\"},{\"@type\":\"Organization\",\"@id\":\"https:\\\/\\\/kpcgroup.fr\\\/#organization\",\"name\":\"KPC - Data et Digital Shapers\",\"url\":\"https:\\\/\\\/kpcgroup.fr\\\/\",\"logo\":{\"@type\":\"ImageObject\",\"inLanguage\":\"en-GB\",\"@id\":\"https:\\\/\\\/kpcgroup.fr\\\/#\\\/schema\\\/logo\\\/image\\\/\",\"url\":\"https:\\\/\\\/kpcgroup.fr\\\/wp-content\\\/uploads\\\/2023\\\/10\\\/KPC23-Logo-seul-color.png\",\"contentUrl\":\"https:\\\/\\\/kpcgroup.fr\\\/wp-content\\\/uploads\\\/2023\\\/10\\\/KPC23-Logo-seul-color.png\",\"width\":1004,\"height\":496,\"caption\":\"KPC - Data et Digital Shapers\"},\"image\":{\"@id\":\"https:\\\/\\\/kpcgroup.fr\\\/#\\\/schema\\\/logo\\\/image\\\/\"},\"sameAs\":[\"https:\\\/\\\/x.com\\\/KPC_CRM\",\"https:\\\/\\\/www.linkedin.com\\\/company\\\/3120635\"]},{\"@type\":\"Person\",\"@id\":\"https:\\\/\\\/kpcgroup.fr\\\/#\\\/schema\\\/person\\\/98da9c6aad242eca2cf7e4b440d43b82\",\"name\":\"Christel Carbonnel\",\"image\":{\"@type\":\"ImageObject\",\"inLanguage\":\"en-GB\",\"@id\":\"https:\\\/\\\/secure.gravatar.com\\\/avatar\\\/67ef80f40e46e4b75e24135206d1abec3e6228671d23e67957ced407e9944c5a?s=96&d=mm&r=g\",\"url\":\"https:\\\/\\\/secure.gravatar.com\\\/avatar\\\/67ef80f40e46e4b75e24135206d1abec3e6228671d23e67957ced407e9944c5a?s=96&d=mm&r=g\",\"contentUrl\":\"https:\\\/\\\/secure.gravatar.com\\\/avatar\\\/67ef80f40e46e4b75e24135206d1abec3e6228671d23e67957ced407e9944c5a?s=96&d=mm&r=g\",\"caption\":\"Christel Carbonnel\"},\"url\":\"https:\\\/\\\/kpcgroup.fr\\\/en\"}]}<\/script>\n<!-- \/ Yoast SEO Premium plugin. -->","yoast_head_json":{"title":"KPC at the USF 2024 Convention in Lille - KPC - Data and Digital Shapers","robots":{"index":"index","follow":"follow","max-snippet":"max-snippet:-1","max-image-preview":"max-image-preview:large","max-video-preview":"max-video-preview:-1"},"canonical":"https:\/\/kpcgroup.fr\/en\/kpc-at-the-usf-2024-convention-in-lille\/","og_locale":"en_GB","og_type":"article","og_title":"KPC pr\u00e9sent \u00e0 la Convention USF 2024 \u00e0 Lille","og_description":"Les 9 et 10 octobre derniers, KPC \u00e9tait pr\u00e9sent \u00e0 la Convention USF 2024 au grand palais \u00e0 Lille . Cet \u00e9v\u00e9nement incontournable pour l'\u00e9cosyst\u00e8me SAP a r\u00e9uni les professionnels du digital autour du th\u00e8me : \u00ab Il \u00e9tait une fois le Cloud : Entre mythe et r\u00e9alit\u00e9... \u00bb","og_url":"https:\/\/kpcgroup.fr\/en\/kpc-at-the-usf-2024-convention-in-lille\/","og_site_name":"KPC - Data et Digital Shapers","article_published_time":"2024-10-11T14:00:01+00:00","article_modified_time":"2025-02-27T09:41:14+00:00","og_image":[{"width":1442,"height":640,"url":"https:\/\/kpcgroup.fr\/wp-content\/uploads\/2024\/11\/KPC25-Header-EVENT.png","type":"image\/png"}],"author":"Christel Carbonnel","twitter_card":"summary_large_image","twitter_creator":"@KPC_CRM","twitter_site":"@KPC_CRM","twitter_misc":{"Written by":"Christel Carbonnel","Estimated reading time":"2 minutes"},"schema":{"@context":"https:\/\/schema.org","@graph":[{"@type":"Article","@id":"https:\/\/kpcgroup.fr\/kpc-present-a-la-convention-usf-2024-a-lille\/#article","isPartOf":{"@id":"https:\/\/kpcgroup.fr\/kpc-present-a-la-convention-usf-2024-a-lille\/"},"author":{"name":"Christel Carbonnel","@id":"https:\/\/kpcgroup.fr\/#\/schema\/person\/98da9c6aad242eca2cf7e4b440d43b82"},"headline":"KPC pr\u00e9sent \u00e0 la Convention USF 2024 \u00e0 Lille","datePublished":"2024-10-11T14:00:01+00:00","dateModified":"2025-02-27T09:41:14+00:00","mainEntityOfPage":{"@id":"https:\/\/kpcgroup.fr\/kpc-present-a-la-convention-usf-2024-a-lille\/"},"wordCount":194,"publisher":{"@id":"https:\/\/kpcgroup.fr\/#organization"},"image":{"@id":"https:\/\/kpcgroup.fr\/kpc-present-a-la-convention-usf-2024-a-lille\/#primaryimage"},"thumbnailUrl":"https:\/\/kpcgroup.fr\/wp-content\/uploads\/2024\/11\/KPC25-Header-EVENT.png","keywords":["#Data","#EPM","#SAP"],"articleSection":["Event"],"inLanguage":"en-GB"},{"@type":"WebPage","@id":"https:\/\/kpcgroup.fr\/kpc-present-a-la-convention-usf-2024-a-lille\/","url":"https:\/\/kpcgroup.fr\/kpc-present-a-la-convention-usf-2024-a-lille\/","name":"KPC at the USF 2024 Convention in Lille - KPC - Data and Digital Shapers","isPartOf":{"@id":"https:\/\/kpcgroup.fr\/#website"},"primaryImageOfPage":{"@id":"https:\/\/kpcgroup.fr\/kpc-present-a-la-convention-usf-2024-a-lille\/#primaryimage"},"image":{"@id":"https:\/\/kpcgroup.fr\/kpc-present-a-la-convention-usf-2024-a-lille\/#primaryimage"},"thumbnailUrl":"https:\/\/kpcgroup.fr\/wp-content\/uploads\/2024\/11\/KPC25-Header-EVENT.png","datePublished":"2024-10-11T14:00:01+00:00","dateModified":"2025-02-27T09:41:14+00:00","breadcrumb":{"@id":"https:\/\/kpcgroup.fr\/kpc-present-a-la-convention-usf-2024-a-lille\/#breadcrumb"},"inLanguage":"en-GB","potentialAction":[{"@type":"ReadAction","target":["https:\/\/kpcgroup.fr\/kpc-present-a-la-convention-usf-2024-a-lille\/"]}]},{"@type":"ImageObject","inLanguage":"en-GB","@id":"https:\/\/kpcgroup.fr\/kpc-present-a-la-convention-usf-2024-a-lille\/#primaryimage","url":"https:\/\/kpcgroup.fr\/wp-content\/uploads\/2024\/11\/KPC25-Header-EVENT.png","contentUrl":"https:\/\/kpcgroup.fr\/wp-content\/uploads\/2024\/11\/KPC25-Header-EVENT.png","width":1442,"height":640,"caption":"Event"},{"@type":"BreadcrumbList","@id":"https:\/\/kpcgroup.fr\/kpc-present-a-la-convention-usf-2024-a-lille\/#breadcrumb","itemListElement":[{"@type":"ListItem","position":1,"name":"Accueil","item":"https:\/\/kpcgroup.fr\/"},{"@type":"ListItem","position":2,"name":"KPC pr\u00e9sent \u00e0 la Convention USF 2024 \u00e0 Lille"}]},{"@type":"WebSite","@id":"https:\/\/kpcgroup.fr\/#website","url":"https:\/\/kpcgroup.fr\/","name":"KPC - Data, Digital &amp; AI Shapers","description":"Data, Process &amp; AI Shapers","publisher":{"@id":"https:\/\/kpcgroup.fr\/#organization"},"alternateName":"KPC","potentialAction":[{"@type":"SearchAction","target":{"@type":"EntryPoint","urlTemplate":"https:\/\/kpcgroup.fr\/?s={search_term_string}"},"query-input":{"@type":"PropertyValueSpecification","valueRequired":true,"valueName":"search_term_string"}}],"inLanguage":"en-GB"},{"@type":"Organization","@id":"https:\/\/kpcgroup.fr\/#organization","name":"KPC - Data, Digital &amp; AI Shapers","url":"https:\/\/kpcgroup.fr\/","logo":{"@type":"ImageObject","inLanguage":"en-GB","@id":"https:\/\/kpcgroup.fr\/#\/schema\/logo\/image\/","url":"https:\/\/kpcgroup.fr\/wp-content\/uploads\/2023\/10\/KPC23-Logo-seul-color.png","contentUrl":"https:\/\/kpcgroup.fr\/wp-content\/uploads\/2023\/10\/KPC23-Logo-seul-color.png","width":1004,"height":496,"caption":"KPC - Data et Digital Shapers"},"image":{"@id":"https:\/\/kpcgroup.fr\/#\/schema\/logo\/image\/"},"sameAs":["https:\/\/x.com\/KPC_CRM","https:\/\/www.linkedin.com\/company\/3120635"]},{"@type":"Person","@id":"https:\/\/kpcgroup.fr\/#\/schema\/person\/98da9c6aad242eca2cf7e4b440d43b82","name":"Christel Carbonnel","image":{"@type":"ImageObject","inLanguage":"en-GB","@id":"https:\/\/secure.gravatar.com\/avatar\/67ef80f40e46e4b75e24135206d1abec3e6228671d23e67957ced407e9944c5a?s=96&d=mm&r=g","url":"https:\/\/secure.gravatar.com\/avatar\/67ef80f40e46e4b75e24135206d1abec3e6228671d23e67957ced407e9944c5a?s=96&d=mm&r=g","contentUrl":"https:\/\/secure.gravatar.com\/avatar\/67ef80f40e46e4b75e24135206d1abec3e6228671d23e67957ced407e9944c5a?s=96&d=mm&r=g","caption":"Christel Carbonnel"},"url":"https:\/\/kpcgroup.fr\/en"}]}},"_links":{"self":[{"href":"https:\/\/kpcgroup.fr\/en\/wp-json\/wp\/v2\/posts\/556388","targetHints":{"allow":["GET"]}}],"collection":[{"href":"https:\/\/kpcgroup.fr\/en\/wp-json\/wp\/v2\/posts"}],"about":[{"href":"https:\/\/kpcgroup.fr\/en\/wp-json\/wp\/v2\/types\/post"}],"author":[{"embeddable":true,"href":"https:\/\/kpcgroup.fr\/en\/wp-json\/wp\/v2\/users\/2"}],"replies":[{"embeddable":true,"href":"https:\/\/kpcgroup.fr\/en\/wp-json\/wp\/v2\/comments?post=556388"}],"version-history":[{"count":10,"href":"https:\/\/kpcgroup.fr\/en\/wp-json\/wp\/v2\/posts\/556388\/revisions"}],"predecessor-version":[{"id":595951,"href":"https:\/\/kpcgroup.fr\/en\/wp-json\/wp\/v2\/posts\/556388\/revisions\/595951"}],"wp:featuredmedia":[{"embeddable":true,"href":"https:\/\/kpcgroup.fr\/en\/wp-json\/wp\/v2\/media\/550053"}],"wp:attachment":[{"href":"https:\/\/kpcgroup.fr\/en\/wp-json\/wp\/v2\/media?parent=556388"}],"wp:term":[{"taxonomy":"category","embeddable":true,"href":"https:\/\/kpcgroup.fr\/en\/wp-json\/wp\/v2\/categories?post=556388"},{"taxonomy":"post_tag","embeddable":true,"href":"https:\/\/kpcgroup.fr\/en\/wp-json\/wp\/v2\/tags?post=556388"}],"curies":[{"name":"wp","href":"https:\/\/api.w.org\/{rel}","templated":true}]}}